{"id":8825,"date":"2026-03-24T09:42:48","date_gmt":"2026-03-24T09:42:48","guid":{"rendered":"https:\/\/nuevo-renacer.com\/?p=8825"},"modified":"2026-03-24T09:42:51","modified_gmt":"2026-03-24T09:42:51","slug":"parkinson-una-mirada-espirita","status":"publish","type":"post","link":"https:\/\/nuevo-renacer.com\/tr\/parkinson-una-mirada-espirita\/","title":{"rendered":"Parkinson &#8211; una mirada esp\u00edrita"},"content":{"rendered":"<div class=\"wp-block-uagb-container uagb-block-7c5c7489 alignfull uagb-is-root-container\"><div class=\"uagb-container-inner-blocks-wrap\">\n<p class=\"has-black-color has-text-color has-link-color has-medium-font-size wp-elements-9013705700c30455f15d5d4d548e3589\"><strong>Parkinson &#8211; una mirada esp\u00edrita<\/strong><\/p>\n<\/div><\/div>\n\n\n\n<div class=\"wp-block-uagb-container uagb-block-c649bc63 alignfull uagb-is-root-container\"><div class=\"uagb-container-inner-blocks-wrap\">\n<figure class=\"wp-block-image size-large is-resized\"><img fetchpriority=\"high\" decoding=\"async\" width=\"683\" height=\"1024\" src=\"https:\/\/nuevo-renacer.com\/wp-content\/uploads\/2026\/03\/Parkinson-una-mirada-espirita-683x1024.jpg\" alt=\"\" class=\"wp-image-8826\" style=\"aspect-ratio:0.6669939745592501;width:406px;height:auto\" srcset=\"https:\/\/nuevo-renacer.com\/wp-content\/uploads\/2026\/03\/Parkinson-una-mirada-espirita-683x1024.jpg 683w, https:\/\/nuevo-renacer.com\/wp-content\/uploads\/2026\/03\/Parkinson-una-mirada-espirita-200x300.jpg 200w, https:\/\/nuevo-renacer.com\/wp-content\/uploads\/2026\/03\/Parkinson-una-mirada-espirita-768x1152.jpg 768w, https:\/\/nuevo-renacer.com\/wp-content\/uploads\/2026\/03\/Parkinson-una-mirada-espirita-8x12.jpg 8w, https:\/\/nuevo-renacer.com\/wp-content\/uploads\/2026\/03\/Parkinson-una-mirada-espirita.jpg 1024w\" sizes=\"(max-width: 683px) 100vw, 683px\" \/><\/figure>\n<\/div><\/div>\n\n\n\n<div class=\"wp-block-uagb-container uagb-block-51c1fc3c alignfull uagb-is-root-container\"><div class=\"uagb-container-inner-blocks-wrap\">\n<p class=\"has-black-color has-text-color has-link-color has-small-font-size wp-elements-a9250db2d8d34914f5cc427adaedd6de\">La enfermedad de Parkinson representa, desde la perspectiva de la ciencia esp\u00edrita, mucho m\u00e1s que una simple degeneraci\u00f3n de las neuronas dopamin\u00e9rgicas dentro de la sustancia negra. Mientras la neurolog\u00eda cl\u00e1sica centra su atenci\u00f3n en el desequilibrio bioqu\u00edmico y la consiguiente carencia de neurotransmisores, el espiritismo contempla el cuerpo humano como el eslab\u00f3n final de una compleja cadena causal cuyo origen reside en el esp\u00edritu inmortal. En este sentido, la enfermedad no es un accidente bioqu\u00edmico, sino un profundo di\u00e1logo entre el periesp\u00edritu -esa envoltura sutil que conecta el esp\u00edritu con la materia- y el sistema nervioso f\u00edsico.<\/p>\n\n\n\n<p class=\"has-black-color has-text-color has-link-color has-small-font-size wp-elements-815d74d4351bff35589994b801d1c6ae\">El proceso de descorporizaci\u00f3n del control, que se manifiesta en los s\u00edntomas del temblor y la rigidez, sugiere una reconfiguraci\u00f3n energ\u00e9tica. El periesp\u00edritu funciona como un cuerpo modelo que almacena la suma de todas las acciones pasadas y patrones de pensamiento. Cuando un individuo, en existencias previas o en su vida actual, ha desarrollado una sobreacentuaci\u00f3n del orgullo, del control intelectual r\u00edgido o de una din\u00e1mica inquieta y a menudo destructiva, esto puede manifestarse como un bloqueo energ\u00e9tico. La correspondencia f\u00edsica de este bloqueo es la sintomatolog\u00eda del Parkinson: el esp\u00edritu desea ordenar, pero la \u201cconducci\u00f3n flu\u00eddica\u201d est\u00e1 perturbada. La materia ya no obedece inmediatamente a la voluntad, lo que obliga al paciente a una humildad forzada y a una profunda desaceleraci\u00f3n.<\/p>\n\n\n\n<p class=\"has-black-color has-text-color has-link-color has-small-font-size wp-elements-44ed6d936cb83a39126bc0da527ca914\">Desde un punto de vista cient\u00edfico-esp\u00edrita, la bradicinesia (lentitud del movimiento) constituye una medida de protecci\u00f3n del alma. Interrumpe el flujo automatizado de la acci\u00f3n y obliga a la conciencia a reflexionar sobre el \u201cser\u201d en lugar del \u201chacer\u201d. El temblor, por su parte, puede interpretarse como una descarga energ\u00e9tica: un intento del periesp\u00edritu de liberar energ\u00edas excedentes y discordantes generadas por emociones reprimidas o por desequilibrios acumulados seg\u00fan la ley de causa y efecto. En este contexto tambi\u00e9n interviene el fen\u00f3meno de la obsesi\u00f3n: un campo energ\u00e9tico debilitado puede ofrecer puntos de acceso a entidades desencarnadas, cuyos fluidos de baja vibraci\u00f3n perturban adicionalmente la conducci\u00f3n neuronal y pueden agravar los s\u00edntomas.<\/p>\n\n\n\n<p class=\"has-black-color has-text-color has-link-color has-small-font-size wp-elements-a4d57b422688cb149c37517efc8bb1a4\">La terapia de una enfermedad de esta naturaleza, por tanto, debe ir m\u00e1s all\u00e1 de la mera administraci\u00f3n de L-Dopa. La ense\u00f1anza esp\u00edrita sostiene que la sanaci\u00f3n -o al menos la mitigaci\u00f3n y la valorizaci\u00f3n moral de la prueba- reside en la reharmonizaci\u00f3n del esp\u00edritu. A trav\u00e9s de la oraci\u00f3n, la terapia flu\u00eddica (pases) y el trabajo consciente sobre el propio car\u00e1cter, el periesp\u00edritu se purifica. Esto no conduce necesariamente a una curaci\u00f3n f\u00edsica inmediata, ya que los da\u00f1os biol\u00f3gicos obedecen a las leyes de la materia, pero permite al esp\u00edritu recuperar el dominio sobre su instrumento. El Parkinson deja as\u00ed de ser un callej\u00f3n sin salida para convertirse en un camino de transformaci\u00f3n, en el que el alma aprende que su verdadera fuerza no reside en el control de los m\u00fasculos, sino en la paciencia, la aceptaci\u00f3n y la serenidad interior. En \u00faltima instancia, la enfermedad se revela como el espejo de un alma que, a trav\u00e9s de la limitaci\u00f3n del cuerpo, se libera de las ataduras de la vanidad material.<\/p>\n<\/div><\/div>\n\n\n\n<div class=\"wp-block-uagb-container uagb-block-b8d5e765 alignfull uagb-is-root-container\"><div class=\"uagb-container-inner-blocks-wrap\"><\/div><\/div>\n\n\n\n<div class=\"wp-block-uagb-container uagb-block-ae26240d alignfull uagb-is-root-container\"><div class=\"uagb-container-inner-blocks-wrap\"><\/div><\/div>","protected":false},"excerpt":{"rendered":"<p>Parkinson &#8211; una mirada esp\u00edrita La enfermedad de Parkinson representa, desde la perspectiva de la ciencia esp\u00edrita, mucho m\u00e1s que una simple degeneraci\u00f3n de las neuronas dopamin\u00e9rgicas dentro de la sustancia negra. Mientras la neurolog\u00eda cl\u00e1sica centra su atenci\u00f3n en el desequilibrio bioqu\u00edmico y la consiguiente carencia de neurotransmisores, el espiritismo contempla el cuerpo humano [&hellip;]<\/p>","protected":false},"author":1,"featured_media":0,"comment_status":"open","ping_status":"open","sticky":false,"template":"","format":"standard","meta":{"_uag_custom_page_level_css":"","site-sidebar-layout":"default","site-content-layout":"","ast-site-content-layout":"default","site-content-style":"default","site-sidebar-style":"default","ast-global-header-display":"","ast-banner-title-visibility":"","ast-main-header-display":"","ast-hfb-above-header-display":"","ast-hfb-below-header-display":"","ast-hfb-mobile-header-display":"","site-post-title":"disabled","ast-breadcrumbs-content":"","ast-featured-img":"","footer-sml-layout":"","theme-transparent-header-meta":"","adv-header-id-meta":"","stick-header-meta":"","header-above-stick-meta":"","header-main-stick-meta":"","header-below-stick-meta":"","astra-migrate-meta-layouts":"set","ast-page-background-enabled":"default","ast-page-background-meta":{"desktop":{"background-color":"var(--ast-global-color-4)","background-image":"","background-repeat":"repeat","background-position":"center center","background-size":"auto","background-attachment":"scroll","background-type":"","background-media":"","overlay-type":"","overlay-color":"","overlay-opacity":"","overlay-gradient":""},"tablet":{"background-color":"","background-image":"","background-repeat":"repeat","background-position":"center center","background-size":"auto","background-attachment":"scroll","background-type":"","background-media":"","overlay-type":"","overlay-color":"","overlay-opacity":"","overlay-gradient":""},"mobile":{"background-color":"","background-image":"","background-repeat":"repeat","background-position":"center center","background-size":"auto","background-attachment":"scroll","background-type":"","background-media":"","overlay-type":"","overlay-color":"","overlay-opacity":"","overlay-gradient":""}},"ast-content-background-meta":{"desktop":{"background-color":"var(--ast-global-color-5)","background-image":"","background-repeat":"repeat","background-position":"center center","background-size":"auto","background-attachment":"scroll","background-type":"","background-media":"","overlay-type":"","overlay-color":"","overlay-opacity":"","overlay-gradient":""},"tablet":{"background-color":"var(--ast-global-color-5)","background-image":"","background-repeat":"repeat","background-position":"center center","background-size":"auto","background-attachment":"scroll","background-type":"","background-media":"","overlay-type":"","overlay-color":"","overlay-opacity":"","overlay-gradient":""},"mobile":{"background-color":"var(--ast-global-color-5)","background-image":"","background-repeat":"repeat","background-position":"center center","background-size":"auto","background-attachment":"scroll","background-type":"","background-media":"","overlay-type":"","overlay-color":"","overlay-opacity":"","overlay-gradient":""}},"_jetpack_memberships_contains_paid_content":false,"footnotes":""},"categories":[1],"tags":[],"class_list":["post-8825","post","type-post","status-publish","format-standard","hentry","category-uncategorized"],"yoast_head":"<!-- This site is optimized with the Yoast SEO Premium plugin v24.2 (Yoast SEO v24.6) - https:\/\/yoast.com\/wordpress\/plugins\/seo\/ -->\n<title>Parkinson - una mirada esp\u00edrita - Uni\u00f3n Esp\u00edrita<\/title>\n<meta name=\"robots\" content=\"index, follow, max-snippet:-1, max-image-preview:large, max-video-preview:-1\" \/>\n<link rel=\"canonical\" href=\"https:\/\/nuevo-renacer.com\/tr\/parkinson-una-mirada-espirita\/\" \/>\n<meta property=\"og:locale\" content=\"tr_TR\" \/>\n<meta property=\"og:type\" content=\"article\" \/>\n<meta property=\"og:title\" content=\"Parkinson - una mirada esp\u00edrita\" \/>\n<meta property=\"og:description\" content=\"Parkinson &#8211; una mirada esp\u00edrita La enfermedad de Parkinson representa, desde la perspectiva de la ciencia esp\u00edrita, mucho m\u00e1s que una simple degeneraci\u00f3n de las neuronas dopamin\u00e9rgicas dentro de la sustancia negra. Mientras la neurolog\u00eda cl\u00e1sica centra su atenci\u00f3n en el desequilibrio bioqu\u00edmico y la consiguiente carencia de neurotransmisores, el espiritismo contempla el cuerpo humano [&hellip;]\" \/>\n<meta property=\"og:url\" content=\"https:\/\/nuevo-renacer.com\/tr\/parkinson-una-mirada-espirita\/\" \/>\n<meta property=\"og:site_name\" content=\"Uni\u00f3n Esp\u00edrita\" \/>\n<meta property=\"article:publisher\" content=\"https:\/\/www.facebook.com\/groups\/3431398063740829\" \/>\n<meta property=\"article:published_time\" content=\"2026-03-24T09:42:48+00:00\" \/>\n<meta property=\"article:modified_time\" content=\"2026-03-24T09:42:51+00:00\" \/>\n<meta property=\"og:image\" content=\"https:\/\/nuevo-renacer.com\/wp-content\/uploads\/2026\/03\/Parkinson-una-mirada-espirita.jpg\" \/>\n\t<meta property=\"og:image:width\" content=\"1024\" \/>\n\t<meta property=\"og:image:height\" content=\"1536\" \/>\n\t<meta property=\"og:image:type\" content=\"image\/jpeg\" \/>\n<meta name=\"author\" content=\"adbv0\" \/>\n<meta name=\"twitter:card\" content=\"summary_large_image\" \/>\n<meta name=\"twitter:label1\" content=\"Yazan:\" \/>\n\t<meta name=\"twitter:data1\" content=\"adbv0\" \/>\n\t<meta name=\"twitter:label2\" content=\"Tahmini okuma s\u00fcresi\" \/>\n\t<meta name=\"twitter:data2\" content=\"4 dakika\" \/>\n<script type=\"application\/ld+json\" class=\"yoast-schema-graph\">{\"@context\":\"https:\/\/schema.org\",\"@graph\":[{\"@type\":\"Article\",\"@id\":\"https:\/\/nuevo-renacer.com\/parkinson-una-mirada-espirita\/#article\",\"isPartOf\":{\"@id\":\"https:\/\/nuevo-renacer.com\/parkinson-una-mirada-espirita\/\"},\"author\":{\"name\":\"adbv0\",\"@id\":\"https:\/\/nuevo-renacer.com\/#\/schema\/person\/9ccf6ce709338029299f7a5cda2f1cf9\"},\"headline\":\"Parkinson &#8211; una mirada esp\u00edrita\",\"datePublished\":\"2026-03-24T09:42:48+00:00\",\"dateModified\":\"2026-03-24T09:42:51+00:00\",\"mainEntityOfPage\":{\"@id\":\"https:\/\/nuevo-renacer.com\/parkinson-una-mirada-espirita\/\"},\"wordCount\":586,\"commentCount\":0,\"publisher\":{\"@id\":\"https:\/\/nuevo-renacer.com\/#organization\"},\"image\":{\"@id\":\"https:\/\/nuevo-renacer.com\/parkinson-una-mirada-espirita\/#primaryimage\"},\"thumbnailUrl\":\"https:\/\/nuevo-renacer.com\/wp-content\/uploads\/2026\/03\/Parkinson-una-mirada-espirita-683x1024.jpg\",\"articleSection\":[\"Uncategorized\"],\"inLanguage\":\"tr\",\"potentialAction\":[{\"@type\":\"CommentAction\",\"name\":\"Comment\",\"target\":[\"https:\/\/nuevo-renacer.com\/parkinson-una-mirada-espirita\/#respond\"]}]},{\"@type\":\"WebPage\",\"@id\":\"https:\/\/nuevo-renacer.com\/parkinson-una-mirada-espirita\/\",\"url\":\"https:\/\/nuevo-renacer.com\/parkinson-una-mirada-espirita\/\",\"name\":\"Parkinson - una mirada esp\u00edrita - Uni\u00f3n Esp\u00edrita\",\"isPartOf\":{\"@id\":\"https:\/\/nuevo-renacer.com\/#website\"},\"primaryImageOfPage\":{\"@id\":\"https:\/\/nuevo-renacer.com\/parkinson-una-mirada-espirita\/#primaryimage\"},\"image\":{\"@id\":\"https:\/\/nuevo-renacer.com\/parkinson-una-mirada-espirita\/#primaryimage\"},\"thumbnailUrl\":\"https:\/\/nuevo-renacer.com\/wp-content\/uploads\/2026\/03\/Parkinson-una-mirada-espirita-683x1024.jpg\",\"datePublished\":\"2026-03-24T09:42:48+00:00\",\"dateModified\":\"2026-03-24T09:42:51+00:00\",\"breadcrumb\":{\"@id\":\"https:\/\/nuevo-renacer.com\/parkinson-una-mirada-espirita\/#breadcrumb\"},\"inLanguage\":\"tr\",\"potentialAction\":[{\"@type\":\"ReadAction\",\"target\":[\"https:\/\/nuevo-renacer.com\/parkinson-una-mirada-espirita\/\"]}]},{\"@type\":\"ImageObject\",\"inLanguage\":\"tr\",\"@id\":\"https:\/\/nuevo-renacer.com\/parkinson-una-mirada-espirita\/#primaryimage\",\"url\":\"https:\/\/nuevo-renacer.com\/wp-content\/uploads\/2026\/03\/Parkinson-una-mirada-espirita-683x1024.jpg\",\"contentUrl\":\"https:\/\/nuevo-renacer.com\/wp-content\/uploads\/2026\/03\/Parkinson-una-mirada-espirita-683x1024.jpg\"},{\"@type\":\"BreadcrumbList\",\"@id\":\"https:\/\/nuevo-renacer.com\/parkinson-una-mirada-espirita\/#breadcrumb\",\"itemListElement\":[{\"@type\":\"ListItem\",\"position\":1,\"name\":\"Startseite\",\"item\":\"https:\/\/nuevo-renacer.com\/\"},{\"@type\":\"ListItem\",\"position\":2,\"name\":\"Parkinson &#8211; una mirada esp\u00edrita\"}]},{\"@type\":\"WebSite\",\"@id\":\"https:\/\/nuevo-renacer.com\/#website\",\"url\":\"https:\/\/nuevo-renacer.com\/\",\"name\":\"Uni\u00f3n Esp\u00edrita\",\"description\":\"Nuevo Renacer\",\"publisher\":{\"@id\":\"https:\/\/nuevo-renacer.com\/#organization\"},\"potentialAction\":[{\"@type\":\"SearchAction\",\"target\":{\"@type\":\"EntryPoint\",\"urlTemplate\":\"https:\/\/nuevo-renacer.com\/?s={search_term_string}\"},\"query-input\":{\"@type\":\"PropertyValueSpecification\",\"valueRequired\":true,\"valueName\":\"search_term_string\"}}],\"inLanguage\":\"tr\"},{\"@type\":\"Organization\",\"@id\":\"https:\/\/nuevo-renacer.com\/#organization\",\"name\":\"UFEC\",\"url\":\"https:\/\/nuevo-renacer.com\/\",\"logo\":{\"@type\":\"ImageObject\",\"inLanguage\":\"tr\",\"@id\":\"https:\/\/nuevo-renacer.com\/#\/schema\/logo\/image\/\",\"url\":\"https:\/\/nuevo-renacer.com\/wp-content\/uploads\/2024\/05\/cropped-LOGO-TERMINADO1-3-3.png\",\"contentUrl\":\"https:\/\/nuevo-renacer.com\/wp-content\/uploads\/2024\/05\/cropped-LOGO-TERMINADO1-3-3.png\",\"width\":512,\"height\":512,\"caption\":\"UFEC\"},\"image\":{\"@id\":\"https:\/\/nuevo-renacer.com\/#\/schema\/logo\/image\/\"},\"sameAs\":[\"https:\/\/www.facebook.com\/groups\/3431398063740829\"]},{\"@type\":\"Person\",\"@id\":\"https:\/\/nuevo-renacer.com\/#\/schema\/person\/9ccf6ce709338029299f7a5cda2f1cf9\",\"name\":\"adbv0\",\"image\":{\"@type\":\"ImageObject\",\"inLanguage\":\"tr\",\"@id\":\"https:\/\/nuevo-renacer.com\/#\/schema\/person\/image\/\",\"url\":\"https:\/\/secure.gravatar.com\/avatar\/be709b8709a030c20993d905516168cfa4d4e3d57f9f1ebe59be28e9f541e397?s=96&d=mm&r=g\",\"contentUrl\":\"https:\/\/secure.gravatar.com\/avatar\/be709b8709a030c20993d905516168cfa4d4e3d57f9f1ebe59be28e9f541e397?s=96&d=mm&r=g\",\"caption\":\"adbv0\"},\"sameAs\":[\"https:\/\/ufec-mundial.com\"],\"url\":\"https:\/\/nuevo-renacer.com\/tr\/author\/adbv0\/\"}]}<\/script>\n<!-- \/ Yoast SEO Premium plugin. -->","yoast_head_json":{"title":"Parkinson - una mirada esp\u00edrita - Uni\u00f3n Esp\u00edrita","robots":{"index":"index","follow":"follow","max-snippet":"max-snippet:-1","max-image-preview":"max-image-preview:large","max-video-preview":"max-video-preview:-1"},"canonical":"https:\/\/nuevo-renacer.com\/tr\/parkinson-una-mirada-espirita\/","og_locale":"tr_TR","og_type":"article","og_title":"Parkinson - una mirada esp\u00edrita","og_description":"Parkinson &#8211; una mirada esp\u00edrita La enfermedad de Parkinson representa, desde la perspectiva de la ciencia esp\u00edrita, mucho m\u00e1s que una simple degeneraci\u00f3n de las neuronas dopamin\u00e9rgicas dentro de la sustancia negra. Mientras la neurolog\u00eda cl\u00e1sica centra su atenci\u00f3n en el desequilibrio bioqu\u00edmico y la consiguiente carencia de neurotransmisores, el espiritismo contempla el cuerpo humano [&hellip;]","og_url":"https:\/\/nuevo-renacer.com\/tr\/parkinson-una-mirada-espirita\/","og_site_name":"Uni\u00f3n Esp\u00edrita","article_publisher":"https:\/\/www.facebook.com\/groups\/3431398063740829","article_published_time":"2026-03-24T09:42:48+00:00","article_modified_time":"2026-03-24T09:42:51+00:00","og_image":[{"width":1024,"height":1536,"url":"https:\/\/nuevo-renacer.com\/wp-content\/uploads\/2026\/03\/Parkinson-una-mirada-espirita.jpg","type":"image\/jpeg"}],"author":"adbv0","twitter_card":"summary_large_image","twitter_misc":{"Yazan:":"adbv0","Tahmini okuma s\u00fcresi":"4 dakika"},"schema":{"@context":"https:\/\/schema.org","@graph":[{"@type":"Article","@id":"https:\/\/nuevo-renacer.com\/parkinson-una-mirada-espirita\/#article","isPartOf":{"@id":"https:\/\/nuevo-renacer.com\/parkinson-una-mirada-espirita\/"},"author":{"name":"adbv0","@id":"https:\/\/nuevo-renacer.com\/#\/schema\/person\/9ccf6ce709338029299f7a5cda2f1cf9"},"headline":"Parkinson &#8211; una mirada esp\u00edrita","datePublished":"2026-03-24T09:42:48+00:00","dateModified":"2026-03-24T09:42:51+00:00","mainEntityOfPage":{"@id":"https:\/\/nuevo-renacer.com\/parkinson-una-mirada-espirita\/"},"wordCount":586,"commentCount":0,"publisher":{"@id":"https:\/\/nuevo-renacer.com\/#organization"},"image":{"@id":"https:\/\/nuevo-renacer.com\/parkinson-una-mirada-espirita\/#primaryimage"},"thumbnailUrl":"https:\/\/nuevo-renacer.com\/wp-content\/uploads\/2026\/03\/Parkinson-una-mirada-espirita-683x1024.jpg","articleSection":["Uncategorized"],"inLanguage":"tr","potentialAction":[{"@type":"CommentAction","name":"Comment","target":["https:\/\/nuevo-renacer.com\/parkinson-una-mirada-espirita\/#respond"]}]},{"@type":"WebPage","@id":"https:\/\/nuevo-renacer.com\/parkinson-una-mirada-espirita\/","url":"https:\/\/nuevo-renacer.com\/parkinson-una-mirada-espirita\/","name":"Parkinson - una mirada esp\u00edrita - Uni\u00f3n Esp\u00edrita","isPartOf":{"@id":"https:\/\/nuevo-renacer.com\/#website"},"primaryImageOfPage":{"@id":"https:\/\/nuevo-renacer.com\/parkinson-una-mirada-espirita\/#primaryimage"},"image":{"@id":"https:\/\/nuevo-renacer.com\/parkinson-una-mirada-espirita\/#primaryimage"},"thumbnailUrl":"https:\/\/nuevo-renacer.com\/wp-content\/uploads\/2026\/03\/Parkinson-una-mirada-espirita-683x1024.jpg","datePublished":"2026-03-24T09:42:48+00:00","dateModified":"2026-03-24T09:42:51+00:00","breadcrumb":{"@id":"https:\/\/nuevo-renacer.com\/parkinson-una-mirada-espirita\/#breadcrumb"},"inLanguage":"tr","potentialAction":[{"@type":"ReadAction","target":["https:\/\/nuevo-renacer.com\/parkinson-una-mirada-espirita\/"]}]},{"@type":"ImageObject","inLanguage":"tr","@id":"https:\/\/nuevo-renacer.com\/parkinson-una-mirada-espirita\/#primaryimage","url":"https:\/\/nuevo-renacer.com\/wp-content\/uploads\/2026\/03\/Parkinson-una-mirada-espirita-683x1024.jpg","contentUrl":"https:\/\/nuevo-renacer.com\/wp-content\/uploads\/2026\/03\/Parkinson-una-mirada-espirita-683x1024.jpg"},{"@type":"BreadcrumbList","@id":"https:\/\/nuevo-renacer.com\/parkinson-una-mirada-espirita\/#breadcrumb","itemListElement":[{"@type":"ListItem","position":1,"name":"Startseite","item":"https:\/\/nuevo-renacer.com\/"},{"@type":"ListItem","position":2,"name":"Parkinson &#8211; una mirada esp\u00edrita"}]},{"@type":"WebSite","@id":"https:\/\/nuevo-renacer.com\/#website","url":"https:\/\/nuevo-renacer.com\/","name":"Uni\u00f3n Esp\u00edrita","description":"Nuevo Renacer","publisher":{"@id":"https:\/\/nuevo-renacer.com\/#organization"},"potentialAction":[{"@type":"SearchAction","target":{"@type":"EntryPoint","urlTemplate":"https:\/\/nuevo-renacer.com\/?s={search_term_string}"},"query-input":{"@type":"PropertyValueSpecification","valueRequired":true,"valueName":"search_term_string"}}],"inLanguage":"tr"},{"@type":"Organization","@id":"https:\/\/nuevo-renacer.com\/#organization","name":"UFEC","url":"https:\/\/nuevo-renacer.com\/","logo":{"@type":"ImageObject","inLanguage":"tr","@id":"https:\/\/nuevo-renacer.com\/#\/schema\/logo\/image\/","url":"https:\/\/nuevo-renacer.com\/wp-content\/uploads\/2024\/05\/cropped-LOGO-TERMINADO1-3-3.png","contentUrl":"https:\/\/nuevo-renacer.com\/wp-content\/uploads\/2024\/05\/cropped-LOGO-TERMINADO1-3-3.png","width":512,"height":512,"caption":"UFEC"},"image":{"@id":"https:\/\/nuevo-renacer.com\/#\/schema\/logo\/image\/"},"sameAs":["https:\/\/www.facebook.com\/groups\/3431398063740829"]},{"@type":"Person","@id":"https:\/\/nuevo-renacer.com\/#\/schema\/person\/9ccf6ce709338029299f7a5cda2f1cf9","name":"adbv0","image":{"@type":"ImageObject","inLanguage":"tr","@id":"https:\/\/nuevo-renacer.com\/#\/schema\/person\/image\/","url":"https:\/\/secure.gravatar.com\/avatar\/be709b8709a030c20993d905516168cfa4d4e3d57f9f1ebe59be28e9f541e397?s=96&d=mm&r=g","contentUrl":"https:\/\/secure.gravatar.com\/avatar\/be709b8709a030c20993d905516168cfa4d4e3d57f9f1ebe59be28e9f541e397?s=96&d=mm&r=g","caption":"adbv0"},"sameAs":["https:\/\/ufec-mundial.com"],"url":"https:\/\/nuevo-renacer.com\/tr\/author\/adbv0\/"}]}},"jetpack_featured_media_url":"","uagb_featured_image_src":{"full":false,"thumbnail":false,"medium":false,"medium_large":false,"large":false,"1536x1536":false,"2048x2048":false,"trp-custom-language-flag":false},"uagb_author_info":{"display_name":"adbv0","author_link":"https:\/\/nuevo-renacer.com\/tr\/author\/adbv0\/"},"uagb_comment_info":0,"uagb_excerpt":"Parkinson &#8211; una mirada esp\u00edrita La enfermedad de Parkinson representa, desde la perspectiva de la ciencia esp\u00edrita, mucho m\u00e1s que una simple degeneraci\u00f3n de las neuronas dopamin\u00e9rgicas dentro de la sustancia negra. Mientras la neurolog\u00eda cl\u00e1sica centra su atenci\u00f3n en el desequilibrio bioqu\u00edmico y la consiguiente carencia de neurotransmisores, el espiritismo contempla el cuerpo humano&hellip;","jetpack_sharing_enabled":true,"_links":{"self":[{"href":"https:\/\/nuevo-renacer.com\/tr\/wp-json\/wp\/v2\/posts\/8825","targetHints":{"allow":["GET"]}}],"collection":[{"href":"https:\/\/nuevo-renacer.com\/tr\/wp-json\/wp\/v2\/posts"}],"about":[{"href":"https:\/\/nuevo-renacer.com\/tr\/wp-json\/wp\/v2\/types\/post"}],"author":[{"embeddable":true,"href":"https:\/\/nuevo-renacer.com\/tr\/wp-json\/wp\/v2\/users\/1"}],"replies":[{"embeddable":true,"href":"https:\/\/nuevo-renacer.com\/tr\/wp-json\/wp\/v2\/comments?post=8825"}],"version-history":[{"count":1,"href":"https:\/\/nuevo-renacer.com\/tr\/wp-json\/wp\/v2\/posts\/8825\/revisions"}],"predecessor-version":[{"id":8827,"href":"https:\/\/nuevo-renacer.com\/tr\/wp-json\/wp\/v2\/posts\/8825\/revisions\/8827"}],"wp:attachment":[{"href":"https:\/\/nuevo-renacer.com\/tr\/wp-json\/wp\/v2\/media?parent=8825"}],"wp:term":[{"taxonomy":"category","embeddable":true,"href":"https:\/\/nuevo-renacer.com\/tr\/wp-json\/wp\/v2\/categories?post=8825"},{"taxonomy":"post_tag","embeddable":true,"href":"https:\/\/nuevo-renacer.com\/tr\/wp-json\/wp\/v2\/tags?post=8825"}],"curies":[{"name":"wp","href":"https:\/\/api.w.org\/{rel}","templated":true}]}}